{"id":14804,"date":"2019-10-10T19:06:47","date_gmt":"2019-10-10T19:06:47","guid":{"rendered":"https:\/\/ibizafilmcommission.com\/un-cine-de-miedo\/"},"modified":"2019-10-10T19:06:47","modified_gmt":"2019-10-10T19:06:47","slug":"un-cine-de-miedo","status":"publish","type":"post","link":"https:\/\/ibizafilmcommission.com\/es\/un-cine-de-miedo\/","title":{"rendered":"\u00a1Un Cine de miedo!"},"content":{"rendered":"<p class=\"p1\"><span class=\"s1\">En esta ocasi\u00f3n nos apetece mucho hablar de un g\u00e9nero que no ha sido muy explotado en cuanto a rodajes en nuestra isla se refiere, pero que cada vez m\u00e1s, va ocupando un lugar muy importante en cuanto al n\u00famero de films o cortos basados en esta tem\u00e1tica, el cine de terror.<\/span><\/p>\n<p class=\"p1\"><span class=\"s1\">Si nos adentramos en este mundo, no podemos continuar sin resaltar las figuras de Adri\u00e1n Cardona y H\u00e9ctor Escandell.<\/span><\/p>\n<p class=\"p1\"><span class=\"s1\">Ibicencos de nacimiento, sus trabajos siempre han estado relacionados con la isla y generalmente han tendido al formato corto.<\/span><\/p>\n<p class=\"p1\"><span class=\"s1\">Haciendo un repaso por las cintas de Cardona, que son las primeras que comenzaron a sobresalir en el g\u00e9nero con escenario en Ibiza, encontramos \u201cReal Zombi Rev\u00f3lver\u201d, \u201cLa Ra\u00edz del Mal\u201d, \u201cBrico Killer\u201d, \u201cBrutal Relax\u201d y \u201cFist of Jesus\u201d, destacando esta \u00faltima que fue seleccionada en m\u00e1s de cien festivales nacionales e internacionales, consiguiendo hasta 76 reconocimientos.<\/span><\/p>\n<figure id=\"attachment_9227\" aria-describedby=\"caption-attachment-9227\" style=\"width: 551px\" class=\"wp-caption aligncenter\"><img decoding=\"async\" loading=\"lazy\" class=\"wp-image-9227 size-full\" src=\"https:\/\/ibizafilmoffice.com\/wp-content\/uploads\/2019\/10\/image1.jpeg\" alt=\"Pel\u00edcula de Terror \"La Costilla de Jes\u00fas\"\" width=\"551\" height=\"310\"><figcaption id=\"caption-attachment-9227\" class=\"wp-caption-text\">FUENTE: cafeanimelair.com<\/figcaption><\/figure>\n<p class=\"p1\"><span class=\"s1\">Es importante se\u00f1alar que, como ocurre en muchos casos, los primeros cortometrajes contaron con muy pocos medios y todos ellos fueron rodados en Ibiza, especialmente en lugares como Dalt Vila, Sa Caleta y Portinatx.<\/span><\/p>\n<p class=\"p1\"><span class=\"s1\">Siguiendo con la estela del <span class=\"Apple-converted-space\">g\u00e9nero de terror<\/span>, resaltamos el cortometraje\u201d &lt;\u201d,&lt;n una fotograf\u00eda muy cuidada y unos efectos sorprendentes que dan un &gt;&gt;<\/span><\/p>\n<p class=\"p1\"><span class=\"s1\">En 2012 se estrena \u201cApasionadas del Bosque\u201d en la Mostra de Curts Festes de Sant Bartomeu, dirigido por Juan Antonio Roig, su presupuesto fue de 2.000 euros y se rod\u00f3 \u00edntegramente en Camp Vell de Corona.<\/span><\/p>\n<p class=\"p1\"><span class=\"s1\">Un a\u00f1o despu\u00e9s, <span class=\"Apple-converted-space\">Enrique Villalonga<\/span> se aventur\u00f3 en este campo tem\u00e1tico con \u201cEl hijo del taxidermista\u201d, un corto de 19 minutos rodados \u00edntegramente con c\u00e1mara subjetiva consiguiendo as\u00ed un efecto casi claustrof\u00f3bico y oscuro.<\/span><\/p>\n<p class=\"p1\"><span class=\"s1\">El rodaje fue en su casa familiar de Dalt Vila y en una casa de campo de Santa Eul\u00e0ria. Se estren\u00f3 en 2013 y ese mismo a\u00f1o fue seleccionado para participar en el Festial M\u00f3rbido de M\u00e9xico entre otros encuentros del g\u00e9nero.<\/span><\/p>\n<p class=\"p1\"><span class=\"s1\">Nos centraremos ahora en la filmograf\u00eda de H\u00e9ctor Escandell, uno de los referentes en el g\u00e9nero, como os adelant\u00e1bamos al comienzo.<\/span><\/p>\n<figure id=\"attachment_9230\" aria-describedby=\"caption-attachment-9230\" style=\"width: 403px\" class=\"wp-caption aligncenter\"><img decoding=\"async\" loading=\"lazy\" class=\"wp-image-9230\" src=\"https:\/\/ibizafilmoffice.com\/wp-content\/uploads\/2019\/10\/image2.jpeg\" alt=\"Pel\u00edcula de miedo \"El hijo del taxidermista\"\" width=\"403\" height=\"268\"><figcaption id=\"caption-attachment-9230\" class=\"wp-caption-text\">FUENTE: Ibizafilmoffice.com<\/figcaption><\/figure>\n<p class=\"p1\"><span class=\"s1\">Nos centraremos ahora en la filmograf\u00eda de H\u00e9ctor Escandell, uno de los referentes en el g\u00e9nero, como os adelant\u00e1bamos al comienzo.<\/span><\/p>\n<p class=\"p1\"><span class=\"s1\">En 2016 se estrena el largometraje \u201cLos Cr\u00edmenes del d\u00eda de Todos los Santos\u201d dirigida por Escandell y Vicente Torres, tras el \u00e9xito del corto que se rod\u00f3 en 2013 con el mismo t\u00edtulo. <\/span><\/p>\n<p class=\"p1\"><span class=\"s1\">En 2014 rueda \u201cNo Vida\u201d, un corto muy breve que narra la historia de unos padres desesperados que tienen diferentes opiniones sobre c\u00f3mo actuar ante la grave enfermedad de su hija.<\/span><\/p>\n<p class=\"p1\"><span class=\"s1\">Rodado \u00edntegramente en Santa Agn\u00e8s de Corona, fue elegido mejor cortometraje local en la XVII Muestra de cortometrajes de las Fiestas de Sant Bartomeu y seleccionado en 12 festivales nacionales e internacionales.<\/span><\/p>\n<p class=\"p1\"><span class=\"s1\">En octubre de 2018 se comenz\u00f3 a rodar un primer avance de \u201cIncestum\u201d, un largometraje de puro terror psicol\u00f3gico y el proyecto m\u00e1s ambicioso de Escandell hasta la fecha.<\/span><\/p>\n<p class=\"p1\"><span class=\"s1\">El teaser ya est\u00e1 disponible y nos adentra en una gran historia que seguro dar\u00e1 mucho que hablar; el rodaje est\u00e1 previsto para marzo del a\u00f1o que viene.<\/span><\/p>\n<figure id=\"attachment_9233\" aria-describedby=\"caption-attachment-9233\" style=\"width: 501px\" class=\"wp-caption aligncenter\"><img decoding=\"async\" loading=\"lazy\" class=\"wp-image-9233 size-full\" src=\"https:\/\/ibizafilmoffice.com\/wp-content\/uploads\/2019\/10\/image3.jpeg\" alt=\"P\u00f3ster \"Incestum\"\" width=\"501\" height=\"706\"><figcaption id=\"caption-attachment-9233\" class=\"wp-caption-text\">FUENTE: periodicodeibiza.es<\/figcaption><\/figure>\n<p class=\"p1\"><span class=\"s1\">La historia gira en torno a una pareja de clase alta del barrio de Salamanca de Madrid que decide, para dar una oportunidad a su matrimonio, viajar a Ibiza y asentarse en una casa tranquila de la isla.<\/span><\/p>\n<p class=\"p1\"><span class=\"s1\">El primer avance ha sido grabado en lugares tan reconocibles como Cala d\u00b4Hort, Sa Talaia, una finca entre Sant Lloren\u00e7 y Sant Joan y la Iglesia de Jes\u00fas.<\/span><\/p>\n<p class=\"p1\"><span class=\"s1\">Adem\u00e1s, el film contar\u00e1 con actores de la talla de Fernando Esteso o Ana Vide y se nutrir\u00e1 de la experiencia de profesionales como Antonio Isasi-Isasmendi Jr que figura como director de producci\u00f3n, el alem\u00e1n Christoph Butensch\u00f6n como director de fotograf\u00eda, el ibicenco Adri\u00e1n Cardona como responsable de los efectos especiales y con Karen Cunill, como encargada del maquillaje.<\/span><\/p>\n<p class=\"p1\"><span class=\"s1\">Indudablemente estamos deseando ver el resultado final porque parece que conseguir\u00e1 su prop\u00f3sito de aterrorizar al espectador.<\/span><\/p>\n","protected":false},"excerpt":{"rendered":"<p>En esta ocasi\u00f3n nos apetece mucho hablar de un g\u00e9nero que no ha sido muy explotado en cuanto a rodajes en nuestra isla se refiere, pero que cada vez m\u00e1s, va ocupando un lugar muy importante en cuanto al n\u00famero de films o cortos basados en esta tem\u00e1tica, el cine de terror. Si nos adentramos&#8230;<\/p>\n","protected":false},"author":5,"featured_media":0,"comment_status":"open","ping_status":"open","sticky":false,"template":"","format":"standard","meta":[],"categories":[880],"tags":[],"acf":[],"jetpack_featured_media_url":"","_links":{"self":[{"href":"https:\/\/ibizafilmcommission.com\/es\/wp-json\/wp\/v2\/posts\/14804"}],"collection":[{"href":"https:\/\/ibizafilmcommission.com\/es\/wp-json\/wp\/v2\/posts"}],"about":[{"href":"https:\/\/ibizafilmcommission.com\/es\/wp-json\/wp\/v2\/types\/post"}],"author":[{"embeddable":true,"href":"https:\/\/ibizafilmcommission.com\/es\/wp-json\/wp\/v2\/users\/5"}],"replies":[{"embeddable":true,"href":"https:\/\/ibizafilmcommission.com\/es\/wp-json\/wp\/v2\/comments?post=14804"}],"version-history":[{"count":0,"href":"https:\/\/ibizafilmcommission.com\/es\/wp-json\/wp\/v2\/posts\/14804\/revisions"}],"wp:attachment":[{"href":"https:\/\/ibizafilmcommission.com\/es\/wp-json\/wp\/v2\/media?parent=14804"}],"wp:term":[{"taxonomy":"category","embeddable":true,"href":"https:\/\/ibizafilmcommission.com\/es\/wp-json\/wp\/v2\/categories?post=14804"},{"taxonomy":"post_tag","embeddable":true,"href":"https:\/\/ibizafilmcommission.com\/es\/wp-json\/wp\/v2\/tags?post=14804"}],"curies":[{"name":"wp","href":"https:\/\/api.w.org\/{rel}","templated":true}]}}