{"id":14730,"date":"2019-10-10T19:12:35","date_gmt":"2019-10-10T19:12:35","guid":{"rendered":"https:\/\/ibizafilmcommission.com\/llega-la-final-de-ibicine\/"},"modified":"2022-05-26T03:46:09","modified_gmt":"2022-05-26T03:46:09","slug":"llega-la-final-de-ibicine","status":"publish","type":"post","link":"https:\/\/ibizafilmcommission.com\/es\/llega-la-final-de-ibicine\/","title":{"rendered":"\u00a1Llega la Final de Ibicine!"},"content":{"rendered":"<p class=\"p1\"><span class=\"s1\">Como mucho sab\u00e9is, este a\u00f1o se est\u00e1 celebrando la III Edici\u00f3n del Festival de Cine de Ibiza (Ibicine), que culmina en noviembre con la Gala de los Premios Astart\u00e9.<\/span><\/p>\n<p class=\"p1\"><span class=\"s1\">Aunque m\u00e1s adelante dedicaremos un art\u00edculo exclusivamente a la celebraci\u00f3n de este gran evento, queremos adelantar algo de informaci\u00f3n puesto que las semifinales ya se han celebrado con gran expectaci\u00f3n.<\/span><\/p>\n<p class=\"p1\"><span class=\"s1\">En abril de este a\u00f1o se present\u00f3 el Festival de la mano de su directora, Helher Escribano, y como novedad, la tem\u00e1tica se ha centrado en la mujer, adem\u00e1s de a\u00f1adir dos nuevas categor\u00edas (Animaci\u00f3n y V\u00eddeo Arte) debido al gran n\u00famero de trabajos que se han presentado en esta ocasi\u00f3n.<\/span><\/p>\n<p class=\"p1\"><span class=\"s1\">Tambi\u00e9n se a\u00f1adir\u00e1n otros dos premios especiales, uno que otorgar\u00e1 la Asociaci\u00f3n de mujeres cineastas y de medios audiovisuales (CIMA) y otro en el que la productora Dalia Films escoger\u00e1 un cortometraje para convertirlo en un largo.<\/span><\/p>\n<p class=\"p1\"><span class=\"s1\">Y es que \u201cIbicine\u201d cada vez cuenta con m\u00e1s seguidores y m\u00e1s proyecci\u00f3n nacional e internacional, algo que nos encanta porque el formato corto comienza a obtener la importancia que se merece. <\/span><\/p>\n<figure id=\"attachment_9239\" aria-describedby=\"caption-attachment-9239\" style=\"width: 868px\" class=\"wp-caption aligncenter\"><img decoding=\"async\" loading=\"lazy\" class=\"wp-image-9239\" src=\"https:\/\/ibizafilmoffice.com\/wp-content\/uploads\/2019\/10\/872079.jpg\" alt=\"El jurado de Ibicine\" width=\"868\" height=\"298\"><figcaption id=\"caption-attachment-9239\" class=\"wp-caption-text\">FUENTE: periodicodeibiza.es<\/figcaption><\/figure>\n<p class=\"p1\"><span class=\"s1\">A lo largo de los meses de abril, mayo, junio y julio se han ido sucediendo las correspondientes semifinales con las proyecciones de los cortos seleccionados<\/span><\/p>\n<p class=\"p1\"><span class=\"s1\">En esta ocasi\u00f3n, el comit\u00e9 seleccionador encargado de ello ha estado compuesto por Lara Palma, la actriz B\u00e1rbara Hermosilla, el guionista Carlos P\u00e9rez Uribe, Ra\u00fal Mesas y la propia Helher Escribano.<\/span><\/p>\n<p class=\"p1\"><span class=\"s1\">En esta ocasi\u00f3n, el comit\u00e9 seleccionador encargado de ello ha estado compuesto por Lara Palma, la actriz B\u00e1rbara Hermosilla, el guionista Carlos P\u00e9rez Uribe, Ra\u00fal Mesas y la propia Helher Escribano.<\/span><\/p>\n<ul>\n<li class=\"p1\"><span class=\"s1\">La tierra llamando a Ana <\/span><\/li>\n<li class=\"p1\"><span class=\"s1\">La noria<\/span><\/li>\n<li class=\"p1\"><span class=\"s1\">Xiao Xian<\/span><\/li>\n<li class=\"p1\"><span class=\"s1\">Un cuento al rev\u00e9s<\/span><\/li>\n<li class=\"p1\"><span class=\"s1\">La Guarida<\/span><\/li>\n<li class=\"p1\"><span class=\"s1\">Background<\/span><\/li>\n<li class=\"p1\"><span class=\"s1\">Caronte <\/span><\/li>\n<li class=\"p1\"><span class=\"s1\">Un cuento familiar<\/span><\/li>\n<li class=\"p1\"><span class=\"s1\">Ama<\/span><\/li>\n<li class=\"p1\"><span class=\"s1\">Camino de Santiago<\/span><\/li>\n<li class=\"p1\"><span class=\"s1\">27 minutos<\/span><\/li>\n<li class=\"p1\"><span class=\"s1\">Hay algo en la oscuridad<\/span><\/li>\n<\/ul>\n<section class=\"l-section wpb_row height_custom\"><div class=\"l-section-h i-cf\"><div class=\"g-cols vc_row via_grid cols_2 laptops-cols_inherit tablets-cols_inherit mobiles-cols_1 valign_top type_default stacking_default\">\n<div class=\"wpb_column vc_column_container\"><div class=\"vc_column-inner\"><div class=\"wpb_text_column\"><div class=\"wpb_wrapper\"><figure id=\"attachment_9242\" aria-describedby=\"caption-attachment-9242\" style=\"width: 291px\" class=\"wp-caption aligncenter\"><img decoding=\"async\" loading=\"lazy\" class=\"wp-image-9242\" src=\"https:\/\/ibizafilmoffice.com\/wp-content\/uploads\/2019\/10\/descarga.jpg\" alt=\"Poster \"La Tierra llamando a Ana\"\" width=\"291\" height=\"407\"><figcaption id=\"caption-attachment-9242\" class=\"wp-caption-text\">FUENTE: escartelera.com<\/figcaption><\/figure>\n<\/div><\/div><\/div><\/div>\n<div class=\"wpb_column vc_column_container\"><div class=\"vc_column-inner\"><div class=\"wpb_text_column\"><div class=\"wpb_wrapper\"><figure id=\"attachment_9245\" aria-describedby=\"caption-attachment-9245\" style=\"width: 300px\" class=\"wp-caption aligncenter\"><img decoding=\"async\" loading=\"lazy\" class=\"wp-image-9245\" src=\"https:\/\/ibizafilmoffice.com\/wp-content\/uploads\/2019\/10\/la_noria_s-756036384-large.jpg\" alt=\"Poster \"La Noria\"\" width=\"300\" height=\"407\"><figcaption id=\"caption-attachment-9245\" class=\"wp-caption-text\">FUENTE: Filmaffinity.com<\/figcaption><\/figure>\n<\/div><\/div><\/div><\/div>\n<\/div><\/div><\/section>\n<figure id=\"attachment_9251\" aria-describedby=\"caption-attachment-9251\" style=\"width: 800px\" class=\"wp-caption aligncenter\"><img decoding=\"async\" loading=\"lazy\" class=\"wp-image-9251 size-full\" src=\"https:\/\/ibizafilmoffice.com\/wp-content\/uploads\/2019\/10\/un-cuento-al-reves-800x445.jpg\" alt=\"Film \"Un Cuento al rev\u00e9s\"\" width=\"800\" height=\"445\"><figcaption id=\"caption-attachment-9251\" class=\"wp-caption-text\">FUENTE: cinetarazonaymoncayo.es<\/figcaption><\/figure>\n<p class=\"p1\"><span class=\"s1\"><span class=\"Apple-converted-space\">Creemos<\/span> que este a\u00f1o hay cortometrajes de much\u00edsimo nivel y que el jurado lo va a tener muy complicado para elegir al mejor, aunque sabiendo los y las grandes profesionales que forman el equipo que decidir\u00e1 los Premios, no nos cabe duda de que har\u00e1n la mejor elecci\u00f3n. <\/span><\/p>\n<p class=\"p1\"><span class=\"s1\">En cuanto a los \u201cPadrinos\u201d del Festival, este a\u00f1o repite Jon Plazaola (que es padrino vitalicio) y Michelle Calv\u00f3 (Premio Astart\u00e9 a la Mejor Actriz 2017).<\/span><\/p>\n<p class=\"p1\"><span class=\"s1\">Como sab\u00e9is, cada a\u00f1o adem\u00e1s de las proyecciones de los cortometrajes, tambi\u00e9n hay jornadas profesionales y cinef\u00f3rum para exprimir al m\u00e1ximo el talento de los expertos que rodean este Festival y son totalmente accesibles para todos, por lo que es una gran oportunidad para acercarse y aprender mucho m\u00e1s sobre el mundo del cortometraje o el cine en peque\u00f1o formato.<\/span><\/p>\n<p class=\"p1\"><span class=\"s1\">El d\u00eda 16 de noviembre tendr\u00e1 lugar la gran gala final y la entrega de los Premios Astart\u00e9.<\/span><\/p>\n<p class=\"p1\"><span class=\"s1\">Estamos deseando conocer el fallo del jurado, pero mientras tanto, os proponemos que ve\u00e1is los cortos seleccionados y saqu\u00e9is vuestras propias conclusiones.<\/span><\/p>\n<p class=\"p1\"><span class=\"s1\">Adem\u00e1s, hay un premio que otorga el p\u00fablico, es una manera estupenda de participar en el Festival y adentraros en el mundo del corto, que a\u00fan tiene mucho que ense\u00f1arnos.<\/span><\/p>\n<p class=\"p1\"><span class=\"s1\">Si quer\u00e9is ampliar informaci\u00f3n os dejamos este enlace para conocer todos los detalles:<\/span><\/p>\n<p class=\"p1\"><a href=\"https:\/\/helherescribano.wixsite.com\/ibicine\"><span class=\"s1\">https:\/\/helherescribano.wixsite.com\/ibicine<\/span><\/a><\/p>\n","protected":false},"excerpt":{"rendered":"<p>Como mucho sab\u00e9is, este a\u00f1o se est\u00e1 celebrando la III Edici\u00f3n del Festival de Cine de Ibiza (Ibicine), que culmina en noviembre con la Gala de los Premios Astart\u00e9. Aunque m\u00e1s adelante dedicaremos un art\u00edculo exclusivamente a la celebraci\u00f3n de este gran evento, queremos adelantar algo de informaci\u00f3n puesto que las semifinales ya se han&#8230;<\/p>\n","protected":false},"author":5,"featured_media":0,"comment_status":"open","ping_status":"open","sticky":false,"template":"","format":"standard","meta":[],"categories":[60],"tags":[],"acf":[],"jetpack_featured_media_url":"","_links":{"self":[{"href":"https:\/\/ibizafilmcommission.com\/es\/wp-json\/wp\/v2\/posts\/14730"}],"collection":[{"href":"https:\/\/ibizafilmcommission.com\/es\/wp-json\/wp\/v2\/posts"}],"about":[{"href":"https:\/\/ibizafilmcommission.com\/es\/wp-json\/wp\/v2\/types\/post"}],"author":[{"embeddable":true,"href":"https:\/\/ibizafilmcommission.com\/es\/wp-json\/wp\/v2\/users\/5"}],"replies":[{"embeddable":true,"href":"https:\/\/ibizafilmcommission.com\/es\/wp-json\/wp\/v2\/comments?post=14730"}],"version-history":[{"count":2,"href":"https:\/\/ibizafilmcommission.com\/es\/wp-json\/wp\/v2\/posts\/14730\/revisions"}],"predecessor-version":[{"id":14732,"href":"https:\/\/ibizafilmcommission.com\/es\/wp-json\/wp\/v2\/posts\/14730\/revisions\/14732"}],"wp:attachment":[{"href":"https:\/\/ibizafilmcommission.com\/es\/wp-json\/wp\/v2\/media?parent=14730"}],"wp:term":[{"taxonomy":"category","embeddable":true,"href":"https:\/\/ibizafilmcommission.com\/es\/wp-json\/wp\/v2\/categories?post=14730"},{"taxonomy":"post_tag","embeddable":true,"href":"https:\/\/ibizafilmcommission.com\/es\/wp-json\/wp\/v2\/tags?post=14730"}],"curies":[{"name":"wp","href":"https:\/\/api.w.org\/{rel}","templated":true}]}}