{"id":17240,"date":"2026-05-01T15:37:52","date_gmt":"2026-05-01T15:37:52","guid":{"rendered":"https:\/\/ibizafilmcommission.com\/rodar-a-eivissa-el-que-cal-saber-abans-de-comencar-una-produccio\/"},"modified":"2026-05-01T15:37:52","modified_gmt":"2026-05-01T15:37:52","slug":"rodar-a-eivissa-el-que-cal-saber-abans-de-comencar-una-produccio","status":"publish","type":"post","link":"https:\/\/ibizafilmcommission.com\/ca\/rodar-a-eivissa-el-que-cal-saber-abans-de-comencar-una-produccio\/","title":{"rendered":"Rodar a Eivissa: el que cal saber abans de comen\u00e7ar una producci\u00f3"},"content":{"rendered":"<p><span style=\"font-weight: 400;\">Rodar a Eivissa \u00e9s una experi\u00e8ncia creativa per\u00f2 tamb\u00e9 un proc\u00e9s que requereix organitzaci\u00f3 i coneixement de l&#8217;entorn. L&#8217;illa combina bellesa natural amb una realitat log\u00edstica que qualsevol equip de producci\u00f3 ha de tenir en compte. <\/span><\/p>\n<p><span style=\"font-weight: 400;\">Un dels factors clau \u00e9s la planificaci\u00f3. Com que \u00e9s un territori insular amb alta demanda tur\u00edstica i una forta protecci\u00f3 dels seus espais naturals, la coordinaci\u00f3 pr\u00e8via \u00e9s fonamental per garantir que els rodatges es desenvolupin amb flu\u00efdesa. <\/span><\/p>\n<p><span style=\"font-weight: 400;\">Cada producci\u00f3 s&#8217;ha d&#8217;adaptar a l&#8217;entorn on treballa, tenint en compte aspectes com ara la mobilitat de l&#8217;equip, la disponibilitat d&#8217;espais o la conviv\u00e8ncia amb l&#8217;activitat di\u00e0ria de l&#8217;illa. Aquesta adaptaci\u00f3 forma part del proc\u00e9s creatiu propi i condiciona moltes decisions de producci\u00f3. <\/span><\/p>\n<p><span style=\"font-weight: 400;\">Eivissa ofereix una gran varietat de localitzacions en dist\u00e0ncies curtes, cosa que facilita la log\u00edstica en comparaci\u00f3 amb altres destinacions. Tot i aix\u00f2, aquesta mateixa riquesa paisatg\u00edstica exigeix \u200b\u200bsensibilitat a l&#8217;hora de treballar en espais naturals o patrimonials, on l&#8217;impacte ha de ser m\u00ednim. <\/span><\/p>\n<p><span style=\"font-weight: 400;\">En aquest context, la col\u00b7laboraci\u00f3 entre administracions, professionals locals i equips de rodatge \u00e9s clau. L&#8217;illa ha desenvolupat una estructura de suport al sector audiovisual que ajuda a coordinar necessitats ia facilitar la feina de les produccions que trien Eivissa com a escenari. <\/span><\/p>\n<p><span style=\"font-weight: 400;\">M\u00e9s enll\u00e0 del que \u00e9s t\u00e8cnic, rodar a Eivissa tamb\u00e9 aporta valor narratiu. La identitat de l&#8217;illa es percep en cada pla: en la llum, en l&#8217;arquitectura, en el paisatge i en el ritme propi. Aix\u00f2 converteix cada projecte en una experi\u00e8ncia visual amb una personalitat molt marcada.  <\/span><\/p>\n<p><span style=\"font-weight: 400;\">Eivissa no nom\u00e9s acull rodatges, els integra al seu paisatge cultural i natural, convertint-se en part activa de la hist\u00f2ria que s&#8217;est\u00e0 explicant.<\/span><\/p>\n","protected":false},"excerpt":{"rendered":"<p>Rodar a Eivissa \u00e9s una experi\u00e8ncia creativa per\u00f2 tamb\u00e9 un proc\u00e9s que requereix organitzaci\u00f3 i coneixement de l&#8217;entorn. L&#8217;illa combina bellesa natural amb una realitat log\u00edstica que qualsevol equip de producci\u00f3 ha de tenir en compte. Un dels factors clau \u00e9s la planificaci\u00f3. Com que \u00e9s un territori insular amb alta demanda tur\u00edstica i una&#8230;<\/p>\n","protected":false},"author":2,"featured_media":17234,"comment_status":"open","ping_status":"open","sticky":false,"template":"","format":"standard","meta":[],"categories":[829,1387,58],"tags":[],"acf":[],"jetpack_featured_media_url":"https:\/\/ibizafilmcommission.com\/wp-content\/uploads\/2026\/05\/IFC-Web-1.png","_links":{"self":[{"href":"https:\/\/ibizafilmcommission.com\/ca\/wp-json\/wp\/v2\/posts\/17240"}],"collection":[{"href":"https:\/\/ibizafilmcommission.com\/ca\/wp-json\/wp\/v2\/posts"}],"about":[{"href":"https:\/\/ibizafilmcommission.com\/ca\/wp-json\/wp\/v2\/types\/post"}],"author":[{"embeddable":true,"href":"https:\/\/ibizafilmcommission.com\/ca\/wp-json\/wp\/v2\/users\/2"}],"replies":[{"embeddable":true,"href":"https:\/\/ibizafilmcommission.com\/ca\/wp-json\/wp\/v2\/comments?post=17240"}],"version-history":[{"count":0,"href":"https:\/\/ibizafilmcommission.com\/ca\/wp-json\/wp\/v2\/posts\/17240\/revisions"}],"wp:featuredmedia":[{"embeddable":true,"href":"https:\/\/ibizafilmcommission.com\/ca\/wp-json\/wp\/v2\/media\/17234"}],"wp:attachment":[{"href":"https:\/\/ibizafilmcommission.com\/ca\/wp-json\/wp\/v2\/media?parent=17240"}],"wp:term":[{"taxonomy":"category","embeddable":true,"href":"https:\/\/ibizafilmcommission.com\/ca\/wp-json\/wp\/v2\/categories?post=17240"},{"taxonomy":"post_tag","embeddable":true,"href":"https:\/\/ibizafilmcommission.com\/ca\/wp-json\/wp\/v2\/tags?post=17240"}],"curies":[{"name":"wp","href":"https:\/\/api.w.org\/{rel}","templated":true}]}}