{"id":17237,"date":"2026-04-30T15:34:07","date_gmt":"2026-04-30T15:34:07","guid":{"rendered":"https:\/\/ibizafilmcommission.com\/eivissa-a-la-pantalla-lilla-que-converteix-qualsevol-historia-en-cinema\/"},"modified":"2026-04-30T15:34:07","modified_gmt":"2026-04-30T15:34:07","slug":"eivissa-a-la-pantalla-lilla-que-converteix-qualsevol-historia-en-cinema","status":"publish","type":"post","link":"https:\/\/ibizafilmcommission.com\/ca\/eivissa-a-la-pantalla-lilla-que-converteix-qualsevol-historia-en-cinema\/","title":{"rendered":"Eivissa a la pantalla: l&#8217;illa que converteix qualsevol hist\u00f2ria en cinema"},"content":{"rendered":"<p><span style=\"font-weight: 400;\">Eivissa \u00e9s molt m\u00e9s que una destinaci\u00f3 tur\u00edstica. Per a la ind\u00fastria audiovisual, l&#8217;illa s&#8217;ha consolidat com un plat\u00f3 natural aut\u00e8ntic on cada localitzaci\u00f3 aporta una identitat visual \u00fanica. <\/span><\/p>\n<p><span style=\"font-weight: 400;\">La seva diversitat de paisatges permet que, en pocs quil\u00f2metres, una producci\u00f3 pugui trobar platges verges, penya-segats, entorns rurals, arquitectura tradicional, nucli hist\u00f2ric o espais urbans contemporanis. Aquesta varietat converteix Eivissa en un lloc especialment vers\u00e0til per a cinema, s\u00e8ries, publicitat i videoclips. <\/span><\/p>\n<p><span style=\"font-weight: 400;\">Un dels grans atractius de lilla \u00e9s la seva llum. La intensitat del sol mediterrani, els capvespres i la claredat de l&#8217;entorn generen una est\u00e8tica molt reconeixible que aporta valor visual a qualsevol projecte. A aix\u00f2 s&#8217;hi afegeix el car\u00e0cter propi de llocs com Dalt Vila, el paisatge protegit de ses Salines o les petites cales repartides per tota la costa.  <\/span><\/p>\n<p><span style=\"font-weight: 400;\">Per\u00f2 Eivissa no \u00e9s nom\u00e9s imatge. Tamb\u00e9 \u00e9s ambient, ritme i personalitat. La barreja entre tradici\u00f3 i modernitat, entre all\u00f2 local i all\u00f2 internacional, crea un context narratiu molt ric per explicar hist\u00f2ries.  <\/span><\/p>\n<p><span style=\"font-weight: 400;\">En els darrers anys, l&#8217;illa ha anat refor\u00e7ant el seu vincle amb el sector audiovisual, acollint produccions nacionals i internacionals que aqu\u00ed han trobat un escenari flexible i ple de possibilitats. Aquest creixement ha anat acompanyat d&#8217;una estructura cada cop m\u00e9s preparada per facilitar els rodatges i acompanyar els equips en les necessitats log\u00edstiques. <\/span><\/p>\n<p><span style=\"font-weight: 400;\">Rodar a Eivissa tamb\u00e9 implica respecte per l&#8217;entorn. Molts dels seus espais s\u00f3n naturals o patrimonials, cosa que fa necessari un equilibri entre activitat audiovisual i conservaci\u00f3. Aquesta conviv\u00e8ncia \u00e9s una part essencial de la identitat de l&#8217;illa com a destinaci\u00f3 de rodatge sostenible.  <\/span><\/p>\n<p><span style=\"font-weight: 400;\">La Eivissa Film Commission actua com a punt de refer\u00e8ncia per a les produccions que arriben a l&#8217;illa, oferint suport i orientaci\u00f3 perqu\u00e8 el proc\u00e9s sigui tan \u00e0gil com sigui possible.<\/span><\/p>\n<p><span style=\"font-weight: 400;\">En definitiva, Eivissa no \u00e9s nom\u00e9s un lloc on rodar: \u00e9s un espai que forma part de la hist\u00f2ria visual de cada projecte.<\/span><\/p>\n<p>&nbsp;<\/p>\n","protected":false},"excerpt":{"rendered":"<p>Eivissa \u00e9s molt m\u00e9s que una destinaci\u00f3 tur\u00edstica. Per a la ind\u00fastria audiovisual, l&#8217;illa s&#8217;ha consolidat com un plat\u00f3 natural aut\u00e8ntic on cada localitzaci\u00f3 aporta una identitat visual \u00fanica. La seva diversitat de paisatges permet que, en pocs quil\u00f2metres, una producci\u00f3 pugui trobar platges verges, penya-segats, entorns rurals, arquitectura tradicional, nucli hist\u00f2ric o espais urbans&#8230;<\/p>\n","protected":false},"author":2,"featured_media":17231,"comment_status":"open","ping_status":"open","sticky":false,"template":"","format":"standard","meta":[],"categories":[829,1387,58],"tags":[],"acf":[],"jetpack_featured_media_url":"https:\/\/ibizafilmcommission.com\/wp-content\/uploads\/2026\/05\/IFC-Web.png","_links":{"self":[{"href":"https:\/\/ibizafilmcommission.com\/ca\/wp-json\/wp\/v2\/posts\/17237"}],"collection":[{"href":"https:\/\/ibizafilmcommission.com\/ca\/wp-json\/wp\/v2\/posts"}],"about":[{"href":"https:\/\/ibizafilmcommission.com\/ca\/wp-json\/wp\/v2\/types\/post"}],"author":[{"embeddable":true,"href":"https:\/\/ibizafilmcommission.com\/ca\/wp-json\/wp\/v2\/users\/2"}],"replies":[{"embeddable":true,"href":"https:\/\/ibizafilmcommission.com\/ca\/wp-json\/wp\/v2\/comments?post=17237"}],"version-history":[{"count":0,"href":"https:\/\/ibizafilmcommission.com\/ca\/wp-json\/wp\/v2\/posts\/17237\/revisions"}],"wp:featuredmedia":[{"embeddable":true,"href":"https:\/\/ibizafilmcommission.com\/ca\/wp-json\/wp\/v2\/media\/17231"}],"wp:attachment":[{"href":"https:\/\/ibizafilmcommission.com\/ca\/wp-json\/wp\/v2\/media?parent=17237"}],"wp:term":[{"taxonomy":"category","embeddable":true,"href":"https:\/\/ibizafilmcommission.com\/ca\/wp-json\/wp\/v2\/categories?post=17237"},{"taxonomy":"post_tag","embeddable":true,"href":"https:\/\/ibizafilmcommission.com\/ca\/wp-json\/wp\/v2\/tags?post=17237"}],"curies":[{"name":"wp","href":"https:\/\/api.w.org\/{rel}","templated":true}]}}