{"id":14733,"date":"2019-10-10T19:12:35","date_gmt":"2019-10-10T19:12:35","guid":{"rendered":"https:\/\/ibizafilmcommission.com\/arriba-la-final-de-libicine\/"},"modified":"2022-05-26T03:53:16","modified_gmt":"2022-05-26T03:53:16","slug":"arriba-la-final-de-libicine","status":"publish","type":"post","link":"https:\/\/ibizafilmcommission.com\/ca\/arriba-la-final-de-libicine\/","title":{"rendered":"Arriba la Final de l\u2019Ibicine!"},"content":{"rendered":"<p class=\"p1\"><span class=\"s1\">Tal com molts sabeu, aquest any s\u2019est\u00e0 celebrant la III Edici\u00f3 del Festival de Cinema d\u2019Eivissa (Ibicine), que culmina al novembre amb la Gala dels Premis Astart\u00e9.<\/span><\/p>\n<p class=\"p1\"><span class=\"s1\">Encara que m\u00e9s endavant dedicarem un article exclusivament a la celebraci\u00f3 d\u2019aquest gran esdeveniment, volem avan\u00e7ar una mica d\u2019informaci\u00f3 donat que les semifinals ja s\u2019han celebrat amb gran expectaci\u00f3.<\/span><\/p>\n<p class=\"p1\"><span class=\"s1\">A l\u2019abril d\u2019aquest any es va presentar el Festival de la m\u00e0 de la seva directora, Helher Escribano, i com a novetat, la tem\u00e0tica s\u2019ha centrat en la dona, a m\u00e9s d\u2019afegir dues noves categories (Animaci\u00f3 i V\u00eddeo Art) a causa del gran nombre de treballs que s\u2019han presentat en aquesta ocasi\u00f3.<\/span><\/p>\n<p class=\"p1\"><span class=\"s1\">Tamb\u00e9 s\u2019afegiran altres dos premis especials, un que atorgar\u00e0 l\u2019Associaci\u00f3 de dones cineastes i de mitjans audiovisuals (CIM) i un altre en el qual la productora Dalia Films triar\u00e0 un curtmetratge per a convertir-lo en un llarg.<\/span><\/p>\n<p class=\"p1\"><span class=\"s1\">I \u00e9s que \u201cIbicine\u201d cada vegada compta amb m\u00e9s seguidors i m\u00e9s projecci\u00f3 nacional i internacional, alguna cosa que ens encanta perqu\u00e8 el format curt comen\u00e7a a obtenir la import\u00e0ncia que es mereix. <\/span><\/p>\n<figure id=\"attachment_9239\" aria-describedby=\"caption-attachment-9239\" style=\"width: 868px\" class=\"wp-caption aligncenter\"><img decoding=\"async\" loading=\"lazy\" class=\"wp-image-9239\" src=\"https:\/\/ibizafilmoffice.com\/wp-content\/uploads\/2019\/10\/872079.jpg\" alt=\"Jurat del Festival\" width=\"868\" height=\"298\"><figcaption id=\"caption-attachment-9239\" class=\"wp-caption-text\">FONT: periodicodeibiza.es<\/figcaption><\/figure>\n<p class=\"p1\"><span class=\"s1\">Al llarg dels mesos d\u2019abril, maig, juny i juliol s\u2019han anat succeint les corresponents semifinals amb les projeccions dels curts seleccionats.<\/span><\/p>\n<p class=\"p1\"><span class=\"s1\">En aquesta ocasi\u00f3, el comit\u00e8 seleccionador encarregat de dur a terme aquesta tasca ha estat compost per Lara Palma, l\u2019actriu B\u00e0rbara Hermosilla, el guionista Carlos P\u00e9rez Uribe, Ra\u00fal Mesas i la pr\u00f2pia Helher Escribano.<\/span><\/p>\n<p class=\"p1\"><span class=\"s1\">El mes de setembre passat a Madrid, es va realitzar l\u2019esdeveniment de la comunicaci\u00f3 de nominats per a rebre els premis dins de les seves categories, i es va concloure la seg\u00fcent selecci\u00f3 en la secci\u00f3 de curtmetratge de ficci\u00f3 nacional:<\/span><\/p>\n<ul>\n<li class=\"p1\"><span class=\"s1\">La tierra llamando a Ana <\/span><\/li>\n<li class=\"p1\"><span class=\"s1\">La noria<\/span><\/li>\n<li class=\"p1\"><span class=\"s1\">Xiao Xian<\/span><\/li>\n<li class=\"p1\"><span class=\"s1\">Un cuento al rev\u00e9s<\/span><\/li>\n<li class=\"p1\"><span class=\"s1\">La Guarida<\/span><\/li>\n<li class=\"p1\"><span class=\"s1\">Background<\/span><\/li>\n<li class=\"p1\"><span class=\"s1\">Caronte <\/span><\/li>\n<li class=\"p1\"><span class=\"s1\">Un cuento familiar<\/span><\/li>\n<li class=\"p1\"><span class=\"s1\">Ama<\/span><\/li>\n<li class=\"p1\"><span class=\"s1\">Camino de Santiago<\/span><\/li>\n<li class=\"p1\"><span class=\"s1\">27 minutos<\/span><\/li>\n<li class=\"p1\"><span class=\"s1\">Hay algo en la oscuridad<\/span><\/li>\n<\/ul>\n<section class=\"l-section wpb_row height_custom\"><div class=\"l-section-h i-cf\"><div class=\"g-cols vc_row via_grid cols_2 laptops-cols_inherit tablets-cols_inherit mobiles-cols_1 valign_top type_default stacking_default\">\n<div class=\"wpb_column vc_column_container\"><div class=\"vc_column-inner\"><div class=\"wpb_text_column\"><div class=\"wpb_wrapper\"><figure id=\"attachment_9242\" aria-describedby=\"caption-attachment-9242\" style=\"width: 291px\" class=\"wp-caption aligncenter\"><img decoding=\"async\" loading=\"lazy\" class=\"wp-image-9242\" src=\"https:\/\/ibizafilmoffice.com\/wp-content\/uploads\/2019\/10\/descarga.jpg\" alt=\"Poster \"La Tierra llamando a Ana\"\" width=\"291\" height=\"407\"><figcaption id=\"caption-attachment-9242\" class=\"wp-caption-text\">FONT: escartelera.com<\/figcaption><\/figure>\n<\/div><\/div><\/div><\/div>\n<div class=\"wpb_column vc_column_container\"><div class=\"vc_column-inner\"><div class=\"wpb_text_column\"><div class=\"wpb_wrapper\"><figure id=\"attachment_9245\" aria-describedby=\"caption-attachment-9245\" style=\"width: 300px\" class=\"wp-caption aligncenter\"><img decoding=\"async\" loading=\"lazy\" class=\"wp-image-9245\" src=\"https:\/\/ibizafilmoffice.com\/wp-content\/uploads\/2019\/10\/la_noria_s-756036384-large.jpg\" alt=\"Poster \"La Noria\"\" width=\"300\" height=\"407\"><figcaption id=\"caption-attachment-9245\" class=\"wp-caption-text\">FONT: Filmaffinity.com<\/figcaption><\/figure>\n<\/div><\/div><\/div><\/div>\n<\/div><\/div><\/section>\n<figure id=\"attachment_9251\" aria-describedby=\"caption-attachment-9251\" style=\"width: 800px\" class=\"wp-caption aligncenter\"><img decoding=\"async\" loading=\"lazy\" class=\"wp-image-9251 size-full\" src=\"https:\/\/ibizafilmoffice.com\/wp-content\/uploads\/2019\/10\/un-cuento-al-reves-800x445.jpg\" alt=\"Film \"Un Cuento al rev\u00e9s\"\" width=\"800\" height=\"445\"><figcaption id=\"caption-attachment-9251\" class=\"wp-caption-text\">FONT: cinetarazonaymoncayo.es<\/figcaption><\/figure>\n<p class=\"p1\"><span class=\"s1\">Creiem que aquest any hi ha curtmetratges de molt\u00edssim nivell i que el jurat ho tindr\u00e0 molt complicat per a triar al millor, encara que sabent els i les grans professionals que formen l\u2019equip que decidir\u00e0 els <span class=\"Apple-converted-space\">Premis<\/span>, no tenim cap mena de dubte que faran la millor elecci\u00f3. <\/span><\/p>\n<p class=\"p1\"><span class=\"s1\">Quant als \u201cPadrins\u201d del Festival, aquest any repeteix Jon Plazaola (que \u00e9s padr\u00ed vitalici) i Michelle Calv\u00f3 (Premi Astart\u00e9 a la Millor Actriu 2017).<\/span><\/p>\n<p class=\"p1\"><span class=\"s1\">Com sabeu, cada any a m\u00e9s de les projeccions dels curtmetratges, tamb\u00e9 hi ha jornades professionals i cinef\u00f2rum per a espr\u00e9mer al m\u00e0xim el talent dels experts que envolten aquest Festival i s\u00f3n totalment accessibles per a tots. Aix\u00f2 fa que sigui una gran oportunitat per a acostar-se i aprendre molt m\u00e9s sobre el m\u00f3n del curtmetratge o del cinema en petit format.<\/span><\/p>\n<p class=\"p1\"><span class=\"s1\">El dia 16 de novembre tindr\u00e0 lloc la gran gala final i el lliurament dels Premis Astart\u00e9.<\/span><\/p>\n<p class=\"p1\"><span class=\"s1\">Estem desitjant con\u00e8ixer la decisi\u00f3 del jurat, per\u00f2 mentrestant, us proposem que vegeu els curts seleccionats i tragueu les vostres pr\u00f2pies conclusions.<\/span><\/p>\n<p class=\"p1\"><span class=\"s1\">A m\u00e9s a m\u00e9s, tindrem un premi otorgat pel p\u00fablic, una manera estupenda de participar en el Festival i endinsar-vos en el m\u00f3n del curtmetratge, que encara t\u00e9 molt a ensenyar-nos.<\/span><\/p>\n<p class=\"p1\"><span class=\"s1\">Si voleu ampliar informaci\u00f3, us deixem aquest enlla\u00e7 per a con\u00e8ixer tots els detalls: https:\/\/helherescribano.wixsite.com\/ibicine<\/span><\/p>\n<p class=\"p1\"><a href=\"https:\/\/helherescribano.wixsite.com\/ibicine\"><span class=\"s1\">https:\/\/helherescribano.wixsite.com\/ibicine<\/span><\/a><\/p>\n","protected":false},"excerpt":{"rendered":"<p>Tal com molts sabeu, aquest any s\u2019est\u00e0 celebrant la III Edici\u00f3 del Festival de Cinema d\u2019Eivissa (Ibicine), que culmina al novembre amb la Gala dels Premis Astart\u00e9. Encara que m\u00e9s endavant dedicarem un article exclusivament a la celebraci\u00f3 d\u2019aquest gran esdeveniment, volem avan\u00e7ar una mica d\u2019informaci\u00f3 donat que les semifinals ja s\u2019han celebrat amb gran&#8230;<\/p>\n","protected":false},"author":5,"featured_media":0,"comment_status":"open","ping_status":"open","sticky":false,"template":"","format":"standard","meta":[],"categories":[58],"tags":[],"acf":[],"jetpack_featured_media_url":"","_links":{"self":[{"href":"https:\/\/ibizafilmcommission.com\/ca\/wp-json\/wp\/v2\/posts\/14733"}],"collection":[{"href":"https:\/\/ibizafilmcommission.com\/ca\/wp-json\/wp\/v2\/posts"}],"about":[{"href":"https:\/\/ibizafilmcommission.com\/ca\/wp-json\/wp\/v2\/types\/post"}],"author":[{"embeddable":true,"href":"https:\/\/ibizafilmcommission.com\/ca\/wp-json\/wp\/v2\/users\/5"}],"replies":[{"embeddable":true,"href":"https:\/\/ibizafilmcommission.com\/ca\/wp-json\/wp\/v2\/comments?post=14733"}],"version-history":[{"count":2,"href":"https:\/\/ibizafilmcommission.com\/ca\/wp-json\/wp\/v2\/posts\/14733\/revisions"}],"predecessor-version":[{"id":14735,"href":"https:\/\/ibizafilmcommission.com\/ca\/wp-json\/wp\/v2\/posts\/14733\/revisions\/14735"}],"wp:attachment":[{"href":"https:\/\/ibizafilmcommission.com\/ca\/wp-json\/wp\/v2\/media?parent=14733"}],"wp:term":[{"taxonomy":"category","embeddable":true,"href":"https:\/\/ibizafilmcommission.com\/ca\/wp-json\/wp\/v2\/categories?post=14733"},{"taxonomy":"post_tag","embeddable":true,"href":"https:\/\/ibizafilmcommission.com\/ca\/wp-json\/wp\/v2\/tags?post=14733"}],"curies":[{"name":"wp","href":"https:\/\/api.w.org\/{rel}","templated":true}]}}