{"id":14567,"date":"2020-10-30T11:45:23","date_gmt":"2020-10-30T11:45:23","guid":{"rendered":"https:\/\/ibizafilmcommission.com\/ibizacinefest-a-punt-per-a-un-altre-festival-dexit-amb-la-seva-v-edicio-el-febrer-de-2021\/"},"modified":"2020-10-30T11:45:23","modified_gmt":"2020-10-30T11:45:23","slug":"ibizacinefest-a-punt-per-a-un-altre-festival-dexit-amb-la-seva-v-edicio-el-febrer-de-2021","status":"publish","type":"post","link":"https:\/\/ibizafilmcommission.com\/ca\/ibizacinefest-a-punt-per-a-un-altre-festival-dexit-amb-la-seva-v-edicio-el-febrer-de-2021\/","title":{"rendered":"IbizaCineFest, a punt per a un altre festival d&#8217;\u00e8xit amb la seva V Edici\u00f3 el febrer de 2021"},"content":{"rendered":"<p>Abans de parlar del futur imminent de l <em>&#8216; IbizaCineFest<\/em> , reflexionem sobre l&#8217;\u00e8xit de l&#8217;edici\u00f3 anterior. Entre altres resultats impressionants, volem destacar que el nombre d&#8217;espectadors tant en curtmetratges com en llargmetratges es va duplicar -superant els 2.000 assistents- amb 85 pel\u00b7l\u00edcules presentades i reunint amb \u00e8xit un total de 27 directors de cinema. Durant tota l&#8217;edici\u00f3 s&#8217;han portat a la pantalla dos temes principals: &#8220;el medi ambient&#8221; i la &#8220;igualtat de g\u00e8nere&#8221;, tots dos reconeguts com a temes de gran tend\u00e8ncia. A causa de la qualitat i el nivell de les pel\u00b7l\u00edcules presentades al Festival eren tan alts, van ser presentades a diferents webs de prestigi del sector, com <a href=\"https:\/\/www.cineuropa.org\/es\/index\/\">Cineuropa<\/a> .<\/p>\n<blockquote><p>Podeu consultar el programa de curtmetratges i llargmetratges <em>IbizaCineFest 2020<\/em> al web oficial del festival a <a href=\"https:\/\/www.ibizacinefest.com\/programa\">Ibizacinefest.com<\/a> .<\/p><\/blockquote>\n<p><em>IbizaCineFest<\/em> , que s&#8217;ha convertit en el principal esdeveniment cultural d&#8217;hivern d&#8217;Eivissa, tamb\u00e9 s&#8217;ha convertit en membre de l&#8217; <a href=\"https:\/\/www.efa-aef.eu\/en\/home\/\">Associaci\u00f3 Europea de Festivals <em>(EFA)<\/em><\/a> i es troba en el calendari oficial dels festivals m\u00e9s importants d&#8217;Espanya. A m\u00e9s, \u00e9s l&#8217;\u00fanic festival reconegut per la <em>Illes Balears Film Commission<\/em> i el <em>Ministeri de Cultura d&#8217;Espanya (ICAA).<\/em><br \/>\nNo nom\u00e9s aix\u00f2, sin\u00f3 que tamb\u00e9 s&#8217;ha integrat a la <a href=\"https:\/\/www.rediberofest.org\/\"><em>Xarxa de Festivals de Cinema Iberoameric\u00e0<\/em><\/a> per treballar de <em>manera col\u00b7laborativa i &#8220;per poder difondre i promoure millor el b\u00e9 com\u00fa del cinema i l&#8217;audiovisual en totes les seves divisions&#8221;<\/em> , segons expliquen els organitzadors al seu xarxes oficials.<br \/>\nI ara podem parlar del que vindr\u00e0 i anunciar amb orgull que el <em><strong>V edici\u00f3 del Festival Internacional de Cinema Independent d&#8217;Eivissa (IbizaCineFest<\/strong> )<\/em> tindr\u00e0 lloc del 26 de febrer al 7 de mar\u00e7 de 2021, amb la col\u00b7laboraci\u00f3 de la <em>Ministeri de Cultura d&#8217;Espanya<\/em> , <em>el Govern Balear IEB<\/em> , el <em>Illes Balears Film Commission<\/em> , i la <em>Consell Insular d&#8217;Eivissa<\/em> , <em>Eivissa Travel<\/em> i el <em>Ajuntaments de Sant Josep, Santa Eul\u00e0ria, Sant Antoni<\/em> i altres socis privats.<br \/>\n<img decoding=\"async\" loading=\"lazy\" class=\"size-full wp-image-9785 aligncenter\" src=\"https:\/\/ibizafilmoffice.com\/wp-content\/uploads\/2020\/10\/partners.png\" alt=\"Institucions, patrocinadors, socis i col\u00b7laboradors de IbizaCineFest\" width=\"1686\" height=\"1383\"><\/p>\n<p style=\"text-align: center;\"><em>Institucions, patrocinadors, socis i col\u00b7laboradors de IbizaCineFest.<\/em><\/p>\n<p style=\"text-align: center;\"><strong>Font:<\/strong> IbizaCineFest.com<\/p>\n<blockquote><p>Us recordem que el <a href=\"https:\/\/festhome.com\/es\/festival\/ibizacinefest\">proc\u00e9s d&#8217;inscripci\u00f3 ja<\/a> est\u00e0 obert i el podeu trobar a la p\u00e0gina oficial de <em>Facebook<\/em> del <em>Festival<\/em> .<\/p><\/blockquote>\n<p>Ja s\u00f3n m\u00e9s de 1000 les pel\u00b7l\u00edcules que s&#8217;han inscrit al proc\u00e9s de selecci\u00f3 i participaci\u00f3. Aqu\u00ed teniu els enlla\u00e7os amb tota la informaci\u00f3 de les <a href=\"https:\/\/www.ibizacinefest.com\/rules\">seccions<\/a> i <a href=\"https:\/\/www.ibizacinefest.com\/rules\">normes<\/a> oficials .<br \/>\nEsperem que us animeu a viure aquesta aventura i que participeu en aquest fant\u00e0stic <em>Festival de Cinema Independent<\/em> que amb orgull vaig anomenar <em>IbizaCineFest.<\/em><br \/>\nEstigueu atents perqu\u00e8 no us perdeu cap actualitzaci\u00f3 sobre la propera edici\u00f3: promet oferir grans moments i una qualitat cinematogr\u00e0fica excepcional.<br \/>\n<img decoding=\"async\" loading=\"lazy\" class=\"size-full wp-image-9788 aligncenter\" src=\"https:\/\/ibizafilmoffice.com\/wp-content\/uploads\/2020\/10\/Captura.png\" alt=\"Portada de presentaci\u00f3 de la 5a edici\u00f3 de l'IbizaCineFest\" width=\"2416\" height=\"859\"><\/p>\n<p style=\"text-align: center;\"><em>Portada de presentaci\u00f3 de la 5a edici\u00f3 de l&#8217;IbizaCineFest.<\/em><\/p>\n<p style=\"text-align: center;\"><strong>Font:<\/strong> IbizaCineFest.com<\/p>\n","protected":false},"excerpt":{"rendered":"<p>Abans de parlar del futur imminent de l &#8216; IbizaCineFest , reflexionem sobre l&#8217;\u00e8xit de l&#8217;edici\u00f3 anterior. Entre altres resultats impressionants, volem destacar que el nombre d&#8217;espectadors tant en curtmetratges com en llargmetratges es va duplicar -superant els 2.000 assistents- amb 85 pel\u00b7l\u00edcules presentades i reunint amb \u00e8xit un total de 27 directors de cinema&#8230;.<\/p>\n","protected":false},"author":5,"featured_media":0,"comment_status":"open","ping_status":"open","sticky":false,"template":"","format":"standard","meta":[],"categories":[58],"tags":[],"acf":[],"jetpack_featured_media_url":"","_links":{"self":[{"href":"https:\/\/ibizafilmcommission.com\/ca\/wp-json\/wp\/v2\/posts\/14567"}],"collection":[{"href":"https:\/\/ibizafilmcommission.com\/ca\/wp-json\/wp\/v2\/posts"}],"about":[{"href":"https:\/\/ibizafilmcommission.com\/ca\/wp-json\/wp\/v2\/types\/post"}],"author":[{"embeddable":true,"href":"https:\/\/ibizafilmcommission.com\/ca\/wp-json\/wp\/v2\/users\/5"}],"replies":[{"embeddable":true,"href":"https:\/\/ibizafilmcommission.com\/ca\/wp-json\/wp\/v2\/comments?post=14567"}],"version-history":[{"count":0,"href":"https:\/\/ibizafilmcommission.com\/ca\/wp-json\/wp\/v2\/posts\/14567\/revisions"}],"wp:attachment":[{"href":"https:\/\/ibizafilmcommission.com\/ca\/wp-json\/wp\/v2\/media?parent=14567"}],"wp:term":[{"taxonomy":"category","embeddable":true,"href":"https:\/\/ibizafilmcommission.com\/ca\/wp-json\/wp\/v2\/categories?post=14567"},{"taxonomy":"post_tag","embeddable":true,"href":"https:\/\/ibizafilmcommission.com\/ca\/wp-json\/wp\/v2\/tags?post=14567"}],"curies":[{"name":"wp","href":"https:\/\/api.w.org\/{rel}","templated":true}]}}